{"id":288,"date":"2023-08-22T14:00:00","date_gmt":"2023-08-22T14:00:00","guid":{"rendered":"https:\/\/www.drkraus.ch\/?p=288"},"modified":"2025-09-30T14:58:32","modified_gmt":"2025-09-30T12:58:32","slug":"dente-del-giudizio-estrazione-o-cura","status":"publish","type":"post","link":"https:\/\/www.drkraus.ch\/it\/approfondimenti\/dente-del-giudizio-estrazione-o-cura\/","title":{"rendered":"Dente del giudizio: estrazione o cura?"},"content":{"rendered":"\n<p>Tuttavia, in molti casi questo spazio manca. In passato, l\u2019essere umano consumava tendenzialmente cibi pi\u00f9 duri e contenenti anche delle impurit\u00e0 molto abrasive, come tracce di sabbia, terra o pezzetti di osso.&nbsp;<\/p>\n\n\n\n<p>A causa dell\u2019abrasione i denti si rimpicciolivano e quindi lo spazio per l\u2019eruzione dei denti del giudizio era disponibile.&nbsp; Oggi, con lo&nbsp;<strong>standard alimentare&nbsp;<\/strong>attuale, gli alimenti vengono lavati e trattati accuratamente, eliminando quindi queste impurit\u00e0 abrasive. Anche molti cibi duri non fanno pi\u00f9 parte della nostra dieta quotidiana.&nbsp;<\/p>\n\n\n\n<p>Anche le<strong>&nbsp;dimensioni della mandibola e della mascella<\/strong>&nbsp;sono cambiate con l&#8217;evoluzione e variano da individuo a individuo.<\/p>\n\n\n\n<p>Ecco perch\u00e9 succede, abbastanza di frequente, che non ci sia spazio sufficiente per la normale crescita di un dente del giudizio. Quando questo accade, il dente non spunta , rimanendo \u201cincluso\u201d e quindi coperto dalla gengiva, oppure \u201csemi incluso\u201d, ovvero solo parzialmente visibile.<\/p>\n\n\n\n<p>I denti inclusi o semi inclusi possono, in certe condizioni, dare origine a problemi pi\u00f9 o meno gravi.<\/p>\n\n\n\n<p>Vediamo quali sono le&nbsp;<strong>condizioni che rendono necessario procedere all&#8217;estrazione dei denti del giudizio<\/strong>.&nbsp;<\/p>\n\n\n\n<div style=\"height:50px\" aria-hidden=\"true\" class=\"wp-block-spacer\"><\/div>\n\n\n\n<h2 class=\"wp-block-heading\" id=\"denti-del-giudizio-estrazione\">Denti del giudizio: estrazione<\/h2>\n\n\n\n<p>Ci sono tre tipi di motivazioni per estrarre un dente del giudizio:<\/p>\n\n\n\n<h3 class=\"wp-block-heading\" id=\"1.-in-presenza-di-una-patologia\">1.&nbsp;<strong>In presenza di una patologia<\/strong><\/h3>\n\n\n\n<p>Si parla di estrazione terapeutica: si va quindi a trattare un problema gi\u00e0 presente o che si \u00e9 poco prima presentato, come:<\/p>\n\n\n\n<ul class=\"wp-block-list\">\n<li>Infiammazione della gengiva attorno al dente del giudizio: la pericoronite. Questa pu\u00f2 essere cronica, senza o con pochi dolori, oppure acuta, causando dolori, gonfiore e ev. difficolt\u00e0 ad aprire la bocca.<br><\/li>\n\n\n\n<li>Ascesso (stadio avanzato della pericoronite, con formazione di pus)<br><\/li>\n\n\n\n<li>Cisti follicolare (un tipo di cisti che si pu\u00f2 formare attorno alla corona del dente)<br><\/li>\n\n\n\n<li>Riassorbimento delle radici o carie del dente vicino<br><\/li>\n\n\n\n<li>Carie al dente del giudizio<\/li>\n<\/ul>\n\n\n\n<p><\/p>\n\n\n\n<h3 class=\"wp-block-heading\">2. <strong>Estrazione preventiva\u00a0<\/strong>per evitare le patologie sopra indicate. <\/h3>\n\n\n\n<p>Inoltre in caso di:\u00a0<\/p>\n\n\n\n<ul class=\"wp-block-list\">\n<li>Tasca parodontale profonda del dente vicino. In questi casi la presenza del dente del giudizio crea questa tasca che pu\u00f2 compromettere nel corso del tempo anche la sopravvivenza del vicino molare.<br><\/li>\n<\/ul>\n\n\n\n<h3 class=\"wp-block-heading\" id=\"3.-prima-o-dopo-un-trattamento-ortodontico-allineamento-dei-denti-con-apparecchi-fissi-e\/o-mascherine-trasparenti,-come-gli-invisalign\u00ae.\">3.\u00a0<strong>Prima o dopo un trattamento ortodontico<\/strong>\u00a0(allineamento dei denti con apparecchi fissi e\/o mascherine trasparenti, come gli Invisalign\u00ae).<\/h3>\n\n\n\n<ul class=\"wp-block-list\">\n<li>Per fornire lo spazio necessario allo spostamento e allineamento dei denti (PRIMA o DURANTE una terapia ortodontica)<br><\/li>\n\n\n\n<li>Per evitare uno spostamento dei denti allineati DOPO la terapia ortodontica (anche se i denti del giudizio in questo sembra che giochino solo un ruolo parziale) <\/li>\n<\/ul>\n\n\n\n<p>\u00c8 sempre consigliabile valutare l\u2019estrazione dei denti del giudizio in giovane et\u00e0, poich\u00e9 \u00e8 stato dimostrato che questo intervento \u00e8 pi\u00f9 semplice e comporta un minor rischio di complicanze se eseguita su pazienti giovani\u00a0 e\/o con denti del giudizio non completamente sviluppati.<\/p>\n\n\n\n<div style=\"height:50px\" aria-hidden=\"true\" class=\"wp-block-spacer\"><\/div>\n\n\n\n<h2 class=\"wp-block-heading\" id=\"estrazione-del-dente-del-giudizio-quante-sessioni-occorrono\">Estrazione del dente del giudizio: quante sessioni occorrono?<\/h2>\n\n\n\n<p>Quando \u00e8 necessario rimuovere tutti e quattro i denti del giudizio, si consiglia normalmente di estrarli a coppie (uno superiore con il suo antagonista inferiore), quindi in due sedute a distanza di pochi mesi. I disturbi post-operatori sono normalmente ben sopportabili e si dispone ancora di una parte non operata con cui mangiare.<\/p>\n\n\n\n<p>A seconda del caso e se richiesto, \u00e8 anche possibile estrarre tutti i denti del giudizio in una singola seduta.<\/p>\n\n\n\n<p>L\u2019estrazione del dente del giudizio \u00e9 un piccolo intervento chirurgico che avviene in anestesia locale, quindi senza dolore. La durata dipende dalla posizione e forma del dente, dall\u2019et\u00e0 del paziente. La differenza \u00e8 anche sostanziale tra dente superiore (mascella) e dente inferiore (mandibola).&nbsp;<\/p>\n\n\n\n<p>I disturbi dopo l\u2019estrazione possono essere molto vari a seconda del paziente e dal tipo di intervento. I dolori vengono normalmente ben controllati con antidolorifici\/antinfiammatori e gli accorgimenti suggeriti dal dentista.<\/p>\n\n\n\n<p>Dopo una settimana circa dall\u2019intervento vengono tolti i punti di sutura e viene controllata la buona guarigione.&nbsp;<\/p>\n\n\n\n<div style=\"height:75px\" aria-hidden=\"true\" class=\"wp-block-spacer\"><\/div>\n\n\n\n<p><em>Hai bisogno di un consulto per valutare la salute dei tuoi denti del giudizio?<\/em><\/p>\n\n\n\n<p><a href=\"https:\/\/booking.denteo.com\/it\/c3e5c4d694f8286a6aa32d9cae265e4e\" rel=\"noreferrer noopener\" target=\"_blank\">Prenota una prima visita<\/a><\/p>\n","protected":false},"excerpt":{"rendered":"<p>I denti del giudizio compaiono solitamente tra i 16 ei 25 anni e normalmente non causano dolore o disagio, purch\u00e9 lo spazio necessario per emergere sia sufficiente. <\/p>\n","protected":false},"author":1,"featured_media":289,"comment_status":"open","ping_status":"open","sticky":false,"template":"","format":"standard","meta":{"footnotes":""},"categories":[28,11,14],"tags":[],"class_list":["post-288","post","type-post","status-publish","format-standard","has-post-thumbnail","hentry","category-approfondimenti","category-chirurgia-orale","category-denti-del-giudizio"],"_links":{"self":[{"href":"https:\/\/www.drkraus.ch\/it\/wp-json\/wp\/v2\/posts\/288","targetHints":{"allow":["GET"]}}],"collection":[{"href":"https:\/\/www.drkraus.ch\/it\/wp-json\/wp\/v2\/posts"}],"about":[{"href":"https:\/\/www.drkraus.ch\/it\/wp-json\/wp\/v2\/types\/post"}],"author":[{"embeddable":true,"href":"https:\/\/www.drkraus.ch\/it\/wp-json\/wp\/v2\/users\/1"}],"replies":[{"embeddable":true,"href":"https:\/\/www.drkraus.ch\/it\/wp-json\/wp\/v2\/comments?post=288"}],"version-history":[{"count":1,"href":"https:\/\/www.drkraus.ch\/it\/wp-json\/wp\/v2\/posts\/288\/revisions"}],"predecessor-version":[{"id":290,"href":"https:\/\/www.drkraus.ch\/it\/wp-json\/wp\/v2\/posts\/288\/revisions\/290"}],"wp:featuredmedia":[{"embeddable":true,"href":"https:\/\/www.drkraus.ch\/it\/wp-json\/wp\/v2\/media\/289"}],"wp:attachment":[{"href":"https:\/\/www.drkraus.ch\/it\/wp-json\/wp\/v2\/media?parent=288"}],"wp:term":[{"taxonomy":"category","embeddable":true,"href":"https:\/\/www.drkraus.ch\/it\/wp-json\/wp\/v2\/categories?post=288"},{"taxonomy":"post_tag","embeddable":true,"href":"https:\/\/www.drkraus.ch\/it\/wp-json\/wp\/v2\/tags?post=288"}],"curies":[{"name":"wp","href":"https:\/\/api.w.org\/{rel}","templated":true}]}}